{"id":1279,"date":"2017-07-01T20:13:47","date_gmt":"2017-07-01T19:13:47","guid":{"rendered":"http:\/\/www.belpom.be\/wp2\/?p=1279"},"modified":"2017-07-01T20:30:51","modified_gmt":"2017-07-01T19:30:51","slug":"grenailles-aux-herbes-de-saison","status":"publish","type":"post","link":"https:\/\/belpom.be\/wp2\/grenailles-aux-herbes-de-saison\/","title":{"rendered":"Grenailles aux herbes de saison"},"content":{"rendered":"<div id=\"pgc-200-1-1\" class=\"panel-grid-cell\">\n<div id=\"panel-200-1-1-0\" class=\"so-panel widget widget_sow-editor panel-first-child panel-last-child\" data-index=\"2\">\n<div class=\"so-widget-sow-editor so-widget-sow-editor-base\">\n<div class=\"siteorigin-widget-tinymce textwidget\">\n<h3><\/h3>\n<h3><\/h3>\n<h3><strong>Ingr\u00e9dients (pour 4 personnes):<\/strong><br \/>\n&#8211; 1 kg de pommes de terre grenailles<br \/>\n&#8211; 4 cuill\u00e8res \u00e0 soupe d&rsquo;huile d&rsquo;olive<br \/>\n&#8211; Sel (gros sel, si possible), poivre<br \/>\n&#8211;\u00a0\u00c9pices: romarin ou herbes de Provence et\/ou ail, ou basilic frais \u00e0 la fin de cuisson<br \/>\n&#8211;\u00a0Un plat allant au four<\/h3>\n<h3><strong>Recette:<\/strong><br \/>\n&#8211;\u00a0Pr\u00e9chauffer le four \u00e0 200\u00b0C<br \/>\n&#8211;\u00a0Rincer les pommes de terre et les mettre dans votre plat<br \/>\n&#8211;\u00a0Arroser les pommes de terre d&rsquo;huile d&rsquo;olive<br \/>\n&#8211; Ajouter le sel, le poivre et l&rsquo;\u00e9pice de votre choix<br \/>\n&#8211;\u00a0Enfourner pendant plus ou moins 50 minutes<\/h3>\n<h3>Conseil: l&rsquo;huile d&rsquo;olive peut \u00eatre remplac\u00e9e par une autre mati\u00e8re grasse.<\/h3>\n<\/div>\n<\/div>\n<\/div>\n<\/div>\n<div id=\"pgc-200-1-2\" class=\"panel-grid-cell\"><\/div>\n","protected":false},"excerpt":{"rendered":"<p>Ingr\u00e9dients (pour 4 personnes): &#8211; 1 kg de pommes de terre grenailles &#8211; 4 cuill\u00e8res \u00e0 soupe d&rsquo;huile d&rsquo;olive &#8211; Sel (gros sel, si possible), poivre &#8211;\u00a0\u00c9pices: romarin ou herbes de Provence et\/ou ail, ou basilic frais \u00e0 la fin de cuisson &#8211;\u00a0Un plat allant au four Recette: &#8211;\u00a0Pr\u00e9chauffer le four \u00e0 200\u00b0C &#8211;\u00a0Rincer les &hellip; <\/p>\n<p class=\"link-more\"><a href=\"https:\/\/belpom.be\/wp2\/grenailles-aux-herbes-de-saison\/\" class=\"more-link\">Continuer la lecture<span class=\"screen-reader-text\"> de &laquo;&nbsp;Grenailles aux herbes de saison&nbsp;&raquo;<\/span><\/a><\/p>\n","protected":false},"author":4,"featured_media":1283,"comment_status":"open","ping_status":"closed","sticky":false,"template":"","format":"standard","meta":{"footnotes":""},"categories":[6],"tags":[],"class_list":["post-1279","post","type-post","status-publish","format-standard","has-post-thumbnail","hentry","category-recettes"],"_links":{"self":[{"href":"https:\/\/belpom.be\/wp2\/wp-json\/wp\/v2\/posts\/1279","targetHints":{"allow":["GET"]}}],"collection":[{"href":"https:\/\/belpom.be\/wp2\/wp-json\/wp\/v2\/posts"}],"about":[{"href":"https:\/\/belpom.be\/wp2\/wp-json\/wp\/v2\/types\/post"}],"author":[{"embeddable":true,"href":"https:\/\/belpom.be\/wp2\/wp-json\/wp\/v2\/users\/4"}],"replies":[{"embeddable":true,"href":"https:\/\/belpom.be\/wp2\/wp-json\/wp\/v2\/comments?post=1279"}],"version-history":[{"count":5,"href":"https:\/\/belpom.be\/wp2\/wp-json\/wp\/v2\/posts\/1279\/revisions"}],"predecessor-version":[{"id":1341,"href":"https:\/\/belpom.be\/wp2\/wp-json\/wp\/v2\/posts\/1279\/revisions\/1341"}],"wp:featuredmedia":[{"embeddable":true,"href":"https:\/\/belpom.be\/wp2\/wp-json\/wp\/v2\/media\/1283"}],"wp:attachment":[{"href":"https:\/\/belpom.be\/wp2\/wp-json\/wp\/v2\/media?parent=1279"}],"wp:term":[{"taxonomy":"category","embeddable":true,"href":"https:\/\/belpom.be\/wp2\/wp-json\/wp\/v2\/categories?post=1279"},{"taxonomy":"post_tag","embeddable":true,"href":"https:\/\/belpom.be\/wp2\/wp-json\/wp\/v2\/tags?post=1279"}],"curies":[{"name":"wp","href":"https:\/\/api.w.org\/{rel}","templated":true}]}}